{"id":732,"date":"2025-05-19T17:42:58","date_gmt":"2025-05-19T15:42:58","guid":{"rendered":"https:\/\/allinoneservice.es\/?p=732"},"modified":"2025-05-27T16:28:31","modified_gmt":"2025-05-27T14:28:31","slug":"el-poder-oculto-de-las-figuras-2d-mas-alla-de-la-superficie-en-la-imagen-corporativa","status":"publish","type":"post","link":"https:\/\/allinoneservice.es\/ca\/el-poder-oculto-de-las-figuras-2d-mas-alla-de-la-superficie-en-la-imagen-corporativa\/","title":{"rendered":"El Poder Ocult de les Figures 2D: M\u00e9s enll\u00e0 de la Superf\u00edcie a la Imatge Corporativa"},"content":{"rendered":"<p>En un m\u00f3n on la profunditat i el volum sovint dominen el disseny i la publicitat, limpacte subtil per\u00f2 potent de les <strong><a href=\"https:\/\/allinoneservice.es\/ca\/figuras-en-gran-formato-en-2d\/\">figures 2D<\/a><\/strong> sovint se subestima. Tot i aix\u00f2, aquestes representacions planes s\u00f3n els fonaments sobre els quals es construeix gran part de la nostra comunicaci\u00f3 visual, des dels logotips m\u00e9s reconeguts globalment fins als gr\u00e0fics m\u00e9s complexos que guien les nostres decisions. Per a una empresa com All In One Service, especialitzada en solucions creatives per a esdeveniments corporatius, comprendre i maximitzar el potencial de les figures bidimensionals \u00e9s fonamental per oferir resultats excepcionals que veritablement connectin amb el p\u00fablic.<\/p>\n\n\n\n<figure class=\"wp-block-image aligncenter size-large\"><img fetchpriority=\"high\" decoding=\"async\" width=\"1024\" height=\"724\" src=\"https:\/\/allinoneservice.es\/wp-content\/uploads\/2025\/05\/FIGURAS-2D-MARCA-1024x724.jpg\" alt=\"\" class=\"wp-image-747\" srcset=\"https:\/\/allinoneservice.es\/wp-content\/uploads\/2025\/05\/FIGURAS-2D-MARCA-1024x724.jpg 1024w, https:\/\/allinoneservice.es\/wp-content\/uploads\/2025\/05\/FIGURAS-2D-MARCA-300x212.jpg 300w, https:\/\/allinoneservice.es\/wp-content\/uploads\/2025\/05\/FIGURAS-2D-MARCA-768x543.jpg 768w, https:\/\/allinoneservice.es\/wp-content\/uploads\/2025\/05\/FIGURAS-2D-MARCA-1536x1086.jpg 1536w, https:\/\/allinoneservice.es\/wp-content\/uploads\/2025\/05\/FIGURAS-2D-MARCA-18x12.jpg 18w, https:\/\/allinoneservice.es\/wp-content\/uploads\/2025\/05\/FIGURAS-2D-MARCA.jpg 2000w\" sizes=\"(max-width: 1024px) 100vw, 1024px\" \/><\/figure>\n\n\n\n<h2 class=\"wp-block-heading\">Simplificaci\u00f3 i Reconeixement: L&#039;Ess\u00e8ncia de les Representacions Planes<\/h2>\n\n\n\n<p>L&#039;atractiu inherent de les <strong>figures 2D<\/strong> rau en la seva capacitat per simplificar la complexitat. Un logotip, per exemple, no \u00e9s nom\u00e9s un dibuix; \u00e9s la condensaci\u00f3 d&#039;una marca, els seus valors i la seva promesa, redu\u00efda a una forma i color que poden ser reconeguts a l&#039;instant. Pensa en les icones que fem servir di\u00e0riament als nostres dispositius m\u00f2bils o als senyals de tr\u00e0nsit que ens orienten sense necessitat de text. Aquestes s\u00f3n totes figures 2D, i la seva efic\u00e0cia rau en la seva universalitat i facilitat de processament visual. Per a una empresa aix\u00f2 es tradueix en una comunicaci\u00f3 m\u00e9s r\u00e0pida i eficient, especialment en un entorn saturat dinformaci\u00f3.<\/p>\n\n\n\n<p>A m\u00e9s, les figures planes s\u00f3n extraordin\u00e0riament vers\u00e0tils. Poden ser reprodu\u00efdes en gaireb\u00e9 qualsevol superf\u00edcie i mida sense perdre&#039;n la integritat: des d&#039;una targeta de visita diminuta fins a un r\u00e8tol gegant en una fa\u00e7ana. Aquesta escalabilitat \u00e9s crucial per a la coher\u00e8ncia de la marca a tots els punts de contacte. Ja sigui en un flyer promocional, una presentaci\u00f3 digital, un fons d&#039;escenari o un vinil decoratiu, la capacitat de les <strong>figures 2D<\/strong> per mantenir-ne l&#039;impacte i llegibilitat \u00e9s inigualable. La seva naturalesa inherentment clara les converteix en l&#039;eina perfecta per a la senyalitzaci\u00f3, iconografia i creaci\u00f3 de patrons visuals que unifiquen el missatge i l&#039;est\u00e8tica de qualsevol esdeveniment o celebraci\u00f3 corporativa.<\/p>\n\n\n\n<figure class=\"wp-block-image aligncenter size-large\"><img decoding=\"async\" width=\"1024\" height=\"724\" src=\"https:\/\/allinoneservice.es\/wp-content\/uploads\/2025\/05\/FIGURAS-2D-EMPRESA-1024x724.jpg\" alt=\"\" class=\"wp-image-746\" srcset=\"https:\/\/allinoneservice.es\/wp-content\/uploads\/2025\/05\/FIGURAS-2D-EMPRESA-1024x724.jpg 1024w, https:\/\/allinoneservice.es\/wp-content\/uploads\/2025\/05\/FIGURAS-2D-EMPRESA-300x212.jpg 300w, https:\/\/allinoneservice.es\/wp-content\/uploads\/2025\/05\/FIGURAS-2D-EMPRESA-768x543.jpg 768w, https:\/\/allinoneservice.es\/wp-content\/uploads\/2025\/05\/FIGURAS-2D-EMPRESA-1536x1086.jpg 1536w, https:\/\/allinoneservice.es\/wp-content\/uploads\/2025\/05\/FIGURAS-2D-EMPRESA-18x12.jpg 18w, https:\/\/allinoneservice.es\/wp-content\/uploads\/2025\/05\/FIGURAS-2D-EMPRESA.jpg 2000w\" sizes=\"(max-width: 1024px) 100vw, 1024px\" \/><\/figure>\n\n\n\n<h2 class=\"wp-block-heading\">Creativitat sense L\u00edmits: Aplicacions Innovadores de Formes Bidimensionals<\/h2>\n\n\n\n<p>M\u00e9s enll\u00e0 de la mera representaci\u00f3, les <strong>figures 2D<\/strong> obren un vast horitz\u00f3 de possibilitats creatives per al disseny corporatiu i lorganitzaci\u00f3 desdeveniments. No es tracta nom\u00e9s de dibuixar, sin\u00f3 de concebre espais i experi\u00e8ncies mitjan\u00e7ant elements plans. Considera, per exemple, els fons fotogr\u00e0fics personalitzats per <em>photocalls<\/em>, on il\u00b7lustracions o patrons bidimensionals transporten els assistents a un m\u00f3n diferent, o les siluetes corp\u00f2ries planes que actuen com a divertits elements decoratius o senyal\u00e8tica tem\u00e0tica. Les infografies complexes es transformen en elements comprensibles gr\u00e0cies a lorganitzaci\u00f3 estrat\u00e8gica de formes i textos en un pla.<\/p>\n\n\n\n<p>La innovaci\u00f3 en materials i t\u00e8cniques de tall tamb\u00e9 ha ampliat el potencial de les figures. Podem crear intricats dissenys calats en metacrilat, vinils que simulen textures en superf\u00edcies planes, o gr\u00e0fics digitals que es projecten i animen, afegint-hi una capa de dinamisme. A All In One Service, entenem que cada p\u00edxel i cada tall compta per transmetre un missatge poder\u00f3s. La nostra experi\u00e8ncia de m\u00e9s de 20 anys ens permet transformar conceptes abstractes en <strong>figures 2D<\/strong> impactants: des de r\u00e8tols que s&#039;integren perfectament amb l&#039;arquitectura, fins a cartelleria que dirigeix i captiva, passant per elements decoratius que infonen personalitat i estil a qualsevol esdeveniment. En dominar l&#039;art de les figures bidimensionals, assegurem que la identitat de la teva empresa no nom\u00e9s es vegi, sin\u00f3 que tamb\u00e9 se senti, deixant una impressi\u00f3 duradora i professional a cada celebraci\u00f3.<\/p>\n\n\n\n<figure class=\"wp-block-image aligncenter size-large\"><img decoding=\"async\" width=\"1024\" height=\"724\" src=\"https:\/\/allinoneservice.es\/wp-content\/uploads\/2025\/05\/FIGURAS-2D-BRAND-1024x724.jpg\" alt=\"\" class=\"wp-image-745\" srcset=\"https:\/\/allinoneservice.es\/wp-content\/uploads\/2025\/05\/FIGURAS-2D-BRAND-1024x724.jpg 1024w, https:\/\/allinoneservice.es\/wp-content\/uploads\/2025\/05\/FIGURAS-2D-BRAND-300x212.jpg 300w, https:\/\/allinoneservice.es\/wp-content\/uploads\/2025\/05\/FIGURAS-2D-BRAND-768x543.jpg 768w, https:\/\/allinoneservice.es\/wp-content\/uploads\/2025\/05\/FIGURAS-2D-BRAND-1536x1086.jpg 1536w, https:\/\/allinoneservice.es\/wp-content\/uploads\/2025\/05\/FIGURAS-2D-BRAND-18x12.jpg 18w, https:\/\/allinoneservice.es\/wp-content\/uploads\/2025\/05\/FIGURAS-2D-BRAND.jpg 2000w\" sizes=\"(max-width: 1024px) 100vw, 1024px\" \/><\/figure>","protected":false},"excerpt":{"rendered":"<p>En un m\u00f3n on la profunditat i el volum sovint dominen el disseny i la publicitat, l&#039;impacte subtil per\u00f2 potent de les figures 2D sovint se subestima.<\/p>","protected":false},"author":1,"featured_media":748,"comment_status":"closed","ping_status":"closed","sticky":false,"template":"","format":"standard","meta":{"footnotes":""},"categories":[25],"tags":[26],"class_list":["post-732","post","type-post","status-publish","format-standard","has-post-thumbnail","hentry","category-figuras-2d","tag-figuras-2d"],"yoast_head":"<!-- This site is optimized with the Yoast SEO plugin v24.6 - https:\/\/yoast.com\/wordpress\/plugins\/seo\/ -->\n<title>El Poder Oculto de las Figuras 2D: M\u00e1s All\u00e1 de la Superficie en la Imagen Corporativa - All In One Service<\/title>\n<meta name=\"robots\" content=\"index, follow, max-snippet:-1, max-image-preview:large, max-video-preview:-1\" \/>\n<link rel=\"canonical\" href=\"https:\/\/allinoneservice.es\/ca\/el-poder-oculto-de-las-figuras-2d-mas-alla-de-la-superficie-en-la-imagen-corporativa\/\" \/>\n<meta property=\"og:locale\" content=\"ca_ES\" \/>\n<meta property=\"og:type\" content=\"article\" \/>\n<meta property=\"og:title\" content=\"El Poder Oculto de las Figuras 2D: M\u00e1s All\u00e1 de la Superficie en la Imagen Corporativa - All In One Service\" \/>\n<meta property=\"og:description\" content=\"En un mundo donde la profundidad y el volumen a menudo dominan el dise\u00f1o y la publicidad, el impacto sutil pero potente de las figuras 2D a menudo se subestima. Sin embargo, estas representaciones planas son los cimientos sobre los que se construye gran parte de nuestra comunicaci\u00f3n visual, desde los logotipos m\u00e1s reconocidos globalmente [&hellip;]\" \/>\n<meta property=\"og:url\" content=\"https:\/\/allinoneservice.es\/ca\/el-poder-oculto-de-las-figuras-2d-mas-alla-de-la-superficie-en-la-imagen-corporativa\/\" \/>\n<meta property=\"og:site_name\" content=\"All In One Service\" \/>\n<meta property=\"article:published_time\" content=\"2025-05-19T15:42:58+00:00\" \/>\n<meta property=\"article:modified_time\" content=\"2025-05-27T14:28:31+00:00\" \/>\n<meta property=\"og:image\" content=\"https:\/\/allinoneservice.es\/wp-content\/uploads\/2025\/05\/figuras-2D.jpg\" \/>\n\t<meta property=\"og:image:width\" content=\"2000\" \/>\n\t<meta property=\"og:image:height\" content=\"1414\" \/>\n\t<meta property=\"og:image:type\" content=\"image\/jpeg\" \/>\n<meta name=\"author\" content=\"admin\" \/>\n<meta name=\"twitter:card\" content=\"summary_large_image\" \/>\n<meta name=\"twitter:label1\" content=\"Escrit per\" \/>\n\t<meta name=\"twitter:data1\" content=\"admin\" \/>\n\t<meta name=\"twitter:label2\" content=\"Temps estimat de lectura\" \/>\n\t<meta name=\"twitter:data2\" content=\"4 minuts\" \/>\n<script type=\"application\/ld+json\" class=\"yoast-schema-graph\">{\"@context\":\"https:\/\/schema.org\",\"@graph\":[{\"@type\":\"Article\",\"@id\":\"https:\/\/allinoneservice.es\/el-poder-oculto-de-las-figuras-2d-mas-alla-de-la-superficie-en-la-imagen-corporativa\/#article\",\"isPartOf\":{\"@id\":\"https:\/\/allinoneservice.es\/el-poder-oculto-de-las-figuras-2d-mas-alla-de-la-superficie-en-la-imagen-corporativa\/\"},\"author\":{\"name\":\"admin\",\"@id\":\"https:\/\/allinoneservice.es\/#\/schema\/person\/1c57c2f7f083ed60ea6c311de08e4192\"},\"headline\":\"El Poder Oculto de las Figuras 2D: M\u00e1s All\u00e1 de la Superficie en la Imagen Corporativa\",\"datePublished\":\"2025-05-19T15:42:58+00:00\",\"dateModified\":\"2025-05-27T14:28:31+00:00\",\"mainEntityOfPage\":{\"@id\":\"https:\/\/allinoneservice.es\/el-poder-oculto-de-las-figuras-2d-mas-alla-de-la-superficie-en-la-imagen-corporativa\/\"},\"wordCount\":649,\"publisher\":{\"@id\":\"https:\/\/allinoneservice.es\/#organization\"},\"image\":{\"@id\":\"https:\/\/allinoneservice.es\/el-poder-oculto-de-las-figuras-2d-mas-alla-de-la-superficie-en-la-imagen-corporativa\/#primaryimage\"},\"thumbnailUrl\":\"https:\/\/allinoneservice.es\/wp-content\/uploads\/2025\/05\/figuras-2D.jpg\",\"keywords\":[\"Figuras 2D\"],\"articleSection\":[\"Figuras 2D\"],\"inLanguage\":\"ca\"},{\"@type\":\"WebPage\",\"@id\":\"https:\/\/allinoneservice.es\/el-poder-oculto-de-las-figuras-2d-mas-alla-de-la-superficie-en-la-imagen-corporativa\/\",\"url\":\"https:\/\/allinoneservice.es\/el-poder-oculto-de-las-figuras-2d-mas-alla-de-la-superficie-en-la-imagen-corporativa\/\",\"name\":\"El Poder Oculto de las Figuras 2D: M\u00e1s All\u00e1 de la Superficie en la Imagen Corporativa - All In One Service\",\"isPartOf\":{\"@id\":\"https:\/\/allinoneservice.es\/#website\"},\"primaryImageOfPage\":{\"@id\":\"https:\/\/allinoneservice.es\/el-poder-oculto-de-las-figuras-2d-mas-alla-de-la-superficie-en-la-imagen-corporativa\/#primaryimage\"},\"image\":{\"@id\":\"https:\/\/allinoneservice.es\/el-poder-oculto-de-las-figuras-2d-mas-alla-de-la-superficie-en-la-imagen-corporativa\/#primaryimage\"},\"thumbnailUrl\":\"https:\/\/allinoneservice.es\/wp-content\/uploads\/2025\/05\/figuras-2D.jpg\",\"datePublished\":\"2025-05-19T15:42:58+00:00\",\"dateModified\":\"2025-05-27T14:28:31+00:00\",\"breadcrumb\":{\"@id\":\"https:\/\/allinoneservice.es\/el-poder-oculto-de-las-figuras-2d-mas-alla-de-la-superficie-en-la-imagen-corporativa\/#breadcrumb\"},\"inLanguage\":\"ca\",\"potentialAction\":[{\"@type\":\"ReadAction\",\"target\":[\"https:\/\/allinoneservice.es\/el-poder-oculto-de-las-figuras-2d-mas-alla-de-la-superficie-en-la-imagen-corporativa\/\"]}]},{\"@type\":\"ImageObject\",\"inLanguage\":\"ca\",\"@id\":\"https:\/\/allinoneservice.es\/el-poder-oculto-de-las-figuras-2d-mas-alla-de-la-superficie-en-la-imagen-corporativa\/#primaryimage\",\"url\":\"https:\/\/allinoneservice.es\/wp-content\/uploads\/2025\/05\/figuras-2D.jpg\",\"contentUrl\":\"https:\/\/allinoneservice.es\/wp-content\/uploads\/2025\/05\/figuras-2D.jpg\",\"width\":2000,\"height\":1414},{\"@type\":\"BreadcrumbList\",\"@id\":\"https:\/\/allinoneservice.es\/el-poder-oculto-de-las-figuras-2d-mas-alla-de-la-superficie-en-la-imagen-corporativa\/#breadcrumb\",\"itemListElement\":[{\"@type\":\"ListItem\",\"position\":1,\"name\":\"Portada\",\"item\":\"https:\/\/allinoneservice.es\/\"},{\"@type\":\"ListItem\",\"position\":2,\"name\":\"El Poder Oculto de las Figuras 2D: M\u00e1s All\u00e1 de la Superficie en la Imagen Corporativa\"}]},{\"@type\":\"WebSite\",\"@id\":\"https:\/\/allinoneservice.es\/#website\",\"url\":\"https:\/\/allinoneservice.es\/\",\"name\":\"Only one service\",\"description\":\"\",\"publisher\":{\"@id\":\"https:\/\/allinoneservice.es\/#organization\"},\"potentialAction\":[{\"@type\":\"SearchAction\",\"target\":{\"@type\":\"EntryPoint\",\"urlTemplate\":\"https:\/\/allinoneservice.es\/?s={search_term_string}\"},\"query-input\":{\"@type\":\"PropertyValueSpecification\",\"valueRequired\":true,\"valueName\":\"search_term_string\"}}],\"inLanguage\":\"ca\"},{\"@type\":\"Organization\",\"@id\":\"https:\/\/allinoneservice.es\/#organization\",\"name\":\"Only one service\",\"url\":\"https:\/\/allinoneservice.es\/\",\"logo\":{\"@type\":\"ImageObject\",\"inLanguage\":\"ca\",\"@id\":\"https:\/\/allinoneservice.es\/#\/schema\/logo\/image\/\",\"url\":\"https:\/\/allinoneservice.es\/wp-content\/uploads\/2024\/11\/2-e1732548222692.png\",\"contentUrl\":\"https:\/\/allinoneservice.es\/wp-content\/uploads\/2024\/11\/2-e1732548222692.png\",\"width\":1100,\"height\":278,\"caption\":\"Only one service\"},\"image\":{\"@id\":\"https:\/\/allinoneservice.es\/#\/schema\/logo\/image\/\"}},{\"@type\":\"Person\",\"@id\":\"https:\/\/allinoneservice.es\/#\/schema\/person\/1c57c2f7f083ed60ea6c311de08e4192\",\"name\":\"admin\",\"sameAs\":[\"https:\/\/allinoneservice.es\"],\"url\":\"https:\/\/allinoneservice.es\/ca\/author\/soporte_cc5qdutc\/\"}]}<\/script>\n<!-- \/ Yoast SEO plugin. -->","yoast_head_json":{"title":"El Poder Oculto de las Figuras 2D: M\u00e1s All\u00e1 de la Superficie en la Imagen Corporativa - All In One Service","robots":{"index":"index","follow":"follow","max-snippet":"max-snippet:-1","max-image-preview":"max-image-preview:large","max-video-preview":"max-video-preview:-1"},"canonical":"https:\/\/allinoneservice.es\/ca\/el-poder-oculto-de-las-figuras-2d-mas-alla-de-la-superficie-en-la-imagen-corporativa\/","og_locale":"ca_ES","og_type":"article","og_title":"El Poder Oculto de las Figuras 2D: M\u00e1s All\u00e1 de la Superficie en la Imagen Corporativa - All In One Service","og_description":"En un mundo donde la profundidad y el volumen a menudo dominan el dise\u00f1o y la publicidad, el impacto sutil pero potente de las figuras 2D a menudo se subestima. Sin embargo, estas representaciones planas son los cimientos sobre los que se construye gran parte de nuestra comunicaci\u00f3n visual, desde los logotipos m\u00e1s reconocidos globalmente [&hellip;]","og_url":"https:\/\/allinoneservice.es\/ca\/el-poder-oculto-de-las-figuras-2d-mas-alla-de-la-superficie-en-la-imagen-corporativa\/","og_site_name":"All In One Service","article_published_time":"2025-05-19T15:42:58+00:00","article_modified_time":"2025-05-27T14:28:31+00:00","og_image":[{"width":2000,"height":1414,"url":"https:\/\/allinoneservice.es\/wp-content\/uploads\/2025\/05\/figuras-2D.jpg","type":"image\/jpeg"}],"author":"admin","twitter_card":"summary_large_image","twitter_misc":{"Escrit per":"admin","Temps estimat de lectura":"4 minuts"},"schema":{"@context":"https:\/\/schema.org","@graph":[{"@type":"Article","@id":"https:\/\/allinoneservice.es\/el-poder-oculto-de-las-figuras-2d-mas-alla-de-la-superficie-en-la-imagen-corporativa\/#article","isPartOf":{"@id":"https:\/\/allinoneservice.es\/el-poder-oculto-de-las-figuras-2d-mas-alla-de-la-superficie-en-la-imagen-corporativa\/"},"author":{"name":"admin","@id":"https:\/\/allinoneservice.es\/#\/schema\/person\/1c57c2f7f083ed60ea6c311de08e4192"},"headline":"El Poder Oculto de las Figuras 2D: M\u00e1s All\u00e1 de la Superficie en la Imagen Corporativa","datePublished":"2025-05-19T15:42:58+00:00","dateModified":"2025-05-27T14:28:31+00:00","mainEntityOfPage":{"@id":"https:\/\/allinoneservice.es\/el-poder-oculto-de-las-figuras-2d-mas-alla-de-la-superficie-en-la-imagen-corporativa\/"},"wordCount":649,"publisher":{"@id":"https:\/\/allinoneservice.es\/#organization"},"image":{"@id":"https:\/\/allinoneservice.es\/el-poder-oculto-de-las-figuras-2d-mas-alla-de-la-superficie-en-la-imagen-corporativa\/#primaryimage"},"thumbnailUrl":"https:\/\/allinoneservice.es\/wp-content\/uploads\/2025\/05\/figuras-2D.jpg","keywords":["Figuras 2D"],"articleSection":["Figuras 2D"],"inLanguage":"ca"},{"@type":"WebPage","@id":"https:\/\/allinoneservice.es\/el-poder-oculto-de-las-figuras-2d-mas-alla-de-la-superficie-en-la-imagen-corporativa\/","url":"https:\/\/allinoneservice.es\/el-poder-oculto-de-las-figuras-2d-mas-alla-de-la-superficie-en-la-imagen-corporativa\/","name":"El Poder Oculto de las Figuras 2D: M\u00e1s All\u00e1 de la Superficie en la Imagen Corporativa - All In One Service","isPartOf":{"@id":"https:\/\/allinoneservice.es\/#website"},"primaryImageOfPage":{"@id":"https:\/\/allinoneservice.es\/el-poder-oculto-de-las-figuras-2d-mas-alla-de-la-superficie-en-la-imagen-corporativa\/#primaryimage"},"image":{"@id":"https:\/\/allinoneservice.es\/el-poder-oculto-de-las-figuras-2d-mas-alla-de-la-superficie-en-la-imagen-corporativa\/#primaryimage"},"thumbnailUrl":"https:\/\/allinoneservice.es\/wp-content\/uploads\/2025\/05\/figuras-2D.jpg","datePublished":"2025-05-19T15:42:58+00:00","dateModified":"2025-05-27T14:28:31+00:00","breadcrumb":{"@id":"https:\/\/allinoneservice.es\/el-poder-oculto-de-las-figuras-2d-mas-alla-de-la-superficie-en-la-imagen-corporativa\/#breadcrumb"},"inLanguage":"ca","potentialAction":[{"@type":"ReadAction","target":["https:\/\/allinoneservice.es\/el-poder-oculto-de-las-figuras-2d-mas-alla-de-la-superficie-en-la-imagen-corporativa\/"]}]},{"@type":"ImageObject","inLanguage":"ca","@id":"https:\/\/allinoneservice.es\/el-poder-oculto-de-las-figuras-2d-mas-alla-de-la-superficie-en-la-imagen-corporativa\/#primaryimage","url":"https:\/\/allinoneservice.es\/wp-content\/uploads\/2025\/05\/figuras-2D.jpg","contentUrl":"https:\/\/allinoneservice.es\/wp-content\/uploads\/2025\/05\/figuras-2D.jpg","width":2000,"height":1414},{"@type":"BreadcrumbList","@id":"https:\/\/allinoneservice.es\/el-poder-oculto-de-las-figuras-2d-mas-alla-de-la-superficie-en-la-imagen-corporativa\/#breadcrumb","itemListElement":[{"@type":"ListItem","position":1,"name":"Portada","item":"https:\/\/allinoneservice.es\/"},{"@type":"ListItem","position":2,"name":"El Poder Oculto de las Figuras 2D: M\u00e1s All\u00e1 de la Superficie en la Imagen Corporativa"}]},{"@type":"WebSite","@id":"https:\/\/allinoneservice.es\/#website","url":"https:\/\/allinoneservice.es\/","name":"Only one service","description":"","publisher":{"@id":"https:\/\/allinoneservice.es\/#organization"},"potentialAction":[{"@type":"SearchAction","target":{"@type":"EntryPoint","urlTemplate":"https:\/\/allinoneservice.es\/?s={search_term_string}"},"query-input":{"@type":"PropertyValueSpecification","valueRequired":true,"valueName":"search_term_string"}}],"inLanguage":"ca"},{"@type":"Organization","@id":"https:\/\/allinoneservice.es\/#organization","name":"Only one service","url":"https:\/\/allinoneservice.es\/","logo":{"@type":"ImageObject","inLanguage":"ca","@id":"https:\/\/allinoneservice.es\/#\/schema\/logo\/image\/","url":"https:\/\/allinoneservice.es\/wp-content\/uploads\/2024\/11\/2-e1732548222692.png","contentUrl":"https:\/\/allinoneservice.es\/wp-content\/uploads\/2024\/11\/2-e1732548222692.png","width":1100,"height":278,"caption":"Only one service"},"image":{"@id":"https:\/\/allinoneservice.es\/#\/schema\/logo\/image\/"}},{"@type":"Person","@id":"https:\/\/allinoneservice.es\/#\/schema\/person\/1c57c2f7f083ed60ea6c311de08e4192","name":"admin","sameAs":["https:\/\/allinoneservice.es"],"url":"https:\/\/allinoneservice.es\/ca\/author\/soporte_cc5qdutc\/"}]}},"_links":{"self":[{"href":"https:\/\/allinoneservice.es\/ca\/wp-json\/wp\/v2\/posts\/732","targetHints":{"allow":["GET"]}}],"collection":[{"href":"https:\/\/allinoneservice.es\/ca\/wp-json\/wp\/v2\/posts"}],"about":[{"href":"https:\/\/allinoneservice.es\/ca\/wp-json\/wp\/v2\/types\/post"}],"author":[{"embeddable":true,"href":"https:\/\/allinoneservice.es\/ca\/wp-json\/wp\/v2\/users\/1"}],"replies":[{"embeddable":true,"href":"https:\/\/allinoneservice.es\/ca\/wp-json\/wp\/v2\/comments?post=732"}],"version-history":[{"count":5,"href":"https:\/\/allinoneservice.es\/ca\/wp-json\/wp\/v2\/posts\/732\/revisions"}],"predecessor-version":[{"id":749,"href":"https:\/\/allinoneservice.es\/ca\/wp-json\/wp\/v2\/posts\/732\/revisions\/749"}],"wp:featuredmedia":[{"embeddable":true,"href":"https:\/\/allinoneservice.es\/ca\/wp-json\/wp\/v2\/media\/748"}],"wp:attachment":[{"href":"https:\/\/allinoneservice.es\/ca\/wp-json\/wp\/v2\/media?parent=732"}],"wp:term":[{"taxonomy":"category","embeddable":true,"href":"https:\/\/allinoneservice.es\/ca\/wp-json\/wp\/v2\/categories?post=732"},{"taxonomy":"post_tag","embeddable":true,"href":"https:\/\/allinoneservice.es\/ca\/wp-json\/wp\/v2\/tags?post=732"}],"curies":[{"name":"wp","href":"https:\/\/api.w.org\/{rel}","templated":true}]}}