{"id":757,"date":"2025-06-05T13:25:59","date_gmt":"2025-06-05T11:25:59","guid":{"rendered":"https:\/\/allinoneservice.es\/?p=757"},"modified":"2025-06-09T13:33:25","modified_gmt":"2025-06-09T11:33:25","slug":"carteles-corporativos-elementos-clave-en-la-comunicacion-visual-de-tu-empresa","status":"publish","type":"post","link":"https:\/\/allinoneservice.es\/ca\/carteles-corporativos-elementos-clave-en-la-comunicacion-visual-de-tu-empresa\/","title":{"rendered":"Cartells Corporatius: Elements Clau a la Comunicaci\u00f3 Visual de la teva Empresa"},"content":{"rendered":"<h1 class=\"wp-block-heading\">Cartells Corporatius: Refor\u00e7a la teva Imatge des del Primer Impacte<\/h1>\n\n\n\n<p>Al m\u00f3n empresarial, cada detall comunica. Des de la papereria fins al disseny de lespai f\u00edsic, tot forma part del missatge que una marca transmet al seu entorn. En aquest context, els <strong><a href=\"https:\/\/allinoneservice.es\/ca\/carteleria\/\">cartells corporatius<\/a><\/strong> han esdevingut una eina fonamental dins l&#039;estrat\u00e8gia de comunicaci\u00f3 visual de qualsevol empresa. No nom\u00e9s informen o decoren: reforcen la identitat, generen confian\u00e7a i creen una experi\u00e8ncia de marca coherent. A continuaci\u00f3, explorem la import\u00e0ncia dels <strong>cartells corporatius<\/strong>, els seus avantatges i com All In One Service et pot ajudar a treure&#039;ls el m\u00e0xim partit.<\/p>\n\n\n\n<p>Els <strong>cartells corporatius<\/strong> compleixen una funci\u00f3 doble: informen el p\u00fablic i reforcen la identitat visual de l&#039;empresa. S\u00f3n elements que poden ubicar-se tant a exteriors com a interiors, i que s&#039;han de dissenyar amb precisi\u00f3 per projectar una imatge s\u00f2lida i professional.<\/p>\n\n\n\n<p>A All In One Service, la creaci\u00f3 de <strong>cartells corporatius<\/strong> comen\u00e7a amb una comprensi\u00f3 profunda de la marca. L&#039;objectiu no \u00e9s nom\u00e9s fabricar un r\u00e8tol, sin\u00f3 desenvolupar una pe\u00e7a que parli el mateix llenguatge visual que la resta de la identitat corporativa. Aix\u00f2 inclou tipografies, colors, materials i acabats.<\/p>\n\n\n\n<p>A m\u00e9s, un bon cartell pot actuar com a punt de refer\u00e8ncia f\u00edsic per a clients, prove\u00efdors o empleats. A oficines, botigues, centres log\u00edstics o fires, els <strong>cartells corporatius<\/strong> ben dissenyats transmeten professionalisme i cura pels detalls, cosa que impacta directament en la percepci\u00f3 de marca.<\/p>\n\n\n\n<figure class=\"wp-block-image aligncenter size-large\"><img fetchpriority=\"high\" decoding=\"async\" width=\"1024\" height=\"724\" src=\"https:\/\/allinoneservice.es\/wp-content\/uploads\/2025\/06\/carteles-corporativoseventos-1024x724.jpg\" alt=\"\" class=\"wp-image-760\" srcset=\"https:\/\/allinoneservice.es\/wp-content\/uploads\/2025\/06\/carteles-corporativoseventos-1024x724.jpg 1024w, https:\/\/allinoneservice.es\/wp-content\/uploads\/2025\/06\/carteles-corporativoseventos-300x212.jpg 300w, https:\/\/allinoneservice.es\/wp-content\/uploads\/2025\/06\/carteles-corporativoseventos-768x543.jpg 768w, https:\/\/allinoneservice.es\/wp-content\/uploads\/2025\/06\/carteles-corporativoseventos-1536x1086.jpg 1536w, https:\/\/allinoneservice.es\/wp-content\/uploads\/2025\/06\/carteles-corporativoseventos-18x12.jpg 18w, https:\/\/allinoneservice.es\/wp-content\/uploads\/2025\/06\/carteles-corporativoseventos.jpg 2000w\" sizes=\"(max-width: 1024px) 100vw, 1024px\" \/><\/figure>\n\n\n\n<h2 class=\"wp-block-heading\">Cartells Corporatius: Personalitzaci\u00f3, Qualitat i Adaptabilitat<\/h2>\n\n\n\n<p>Un dels principals avantatges dels<a href=\"https:\/\/allinoneservice.es\/ca\/carteleria\/\"> <strong>cartells corporatius<\/strong><\/a> \u00e9s la seva versatilitat. Poden adaptar-se a qualsevol mida, format o necessitat, des de r\u00e8tols exteriors de gran format fins a senyal\u00e8tica interior.<\/p>\n\n\n\n<p>La personalitzaci\u00f3 \u00e9s clau. Cada empresa t\u00e9 una hist\u00f2ria i un estil visual \u00fanic, i els <strong>cartells corporatius<\/strong> ho han de reflectir amb precisi\u00f3. Per aix\u00f2, All In One Service ofereix un servei integral que inclou disseny gr\u00e0fic, assessorament t\u00e8cnic, producci\u00f3 i instal\u00b7laci\u00f3. El resultat \u00e9s un cartell durador, atractiu i perfectament integrat a l&#039;entorn.<\/p>\n\n\n\n<p>A m\u00e9s, \u00e9s possible incorporar elements com il\u00b7luminaci\u00f3 LED, capes superposades, textures o efectes de volum que aporten dinamisme i sofisticaci\u00f3. La creativitat no est\u00e0 renyida amb la funcionalitat: els <strong>cartells corporatius<\/strong> poden ser tan impactants com \u00fatils, guiant els visitants o destacant espais clau dins una oficina o recinte.<\/p>\n\n\n\n<figure class=\"wp-block-image aligncenter size-large\"><img decoding=\"async\" width=\"1024\" height=\"724\" src=\"https:\/\/allinoneservice.es\/wp-content\/uploads\/2025\/06\/carteles-corporativos-1024x724.jpg\" alt=\"\" class=\"wp-image-759\" srcset=\"https:\/\/allinoneservice.es\/wp-content\/uploads\/2025\/06\/carteles-corporativos-1024x724.jpg 1024w, https:\/\/allinoneservice.es\/wp-content\/uploads\/2025\/06\/carteles-corporativos-300x212.jpg 300w, https:\/\/allinoneservice.es\/wp-content\/uploads\/2025\/06\/carteles-corporativos-768x543.jpg 768w, https:\/\/allinoneservice.es\/wp-content\/uploads\/2025\/06\/carteles-corporativos-1536x1086.jpg 1536w, https:\/\/allinoneservice.es\/wp-content\/uploads\/2025\/06\/carteles-corporativos-18x12.jpg 18w, https:\/\/allinoneservice.es\/wp-content\/uploads\/2025\/06\/carteles-corporativos.jpg 2000w\" sizes=\"(max-width: 1024px) 100vw, 1024px\" \/><\/figure>\n\n\n\n<h2 class=\"wp-block-heading\">Cartells Corporatius: Una Inversi\u00f3 Estrat\u00e8gica per a Empreses que Volen Destacar<\/h2>\n\n\n\n<p>Invertir en <strong>cartells corporatius<\/strong> \u00e9s apostar per una comunicaci\u00f3 clara i una imatge professional. \u00c9s una forma tangible de transmetre els valors de la marca i generar reconeixement entre clients i col\u00b7laboradors. En un entorn cada cop m\u00e9s competitiu, diferenciar-se a trav\u00e9s del disseny i l&#039;est\u00e8tica \u00e9s una estrat\u00e8gia intel\u00b7ligent.<\/p>\n\n\n\n<p>All In One Service ent\u00e9n que cada projecte \u00e9s \u00fanic. Per aix\u00f2, el seu equip treballa de forma propera amb cada client per entendre els seus objectius i crear solucions visuals a mida. <strong>cartells corporatius<\/strong> estan pensats per deixar empremta.<\/p>\n\n\n\n<p>En definitiva, els<a href=\"https:\/\/allinoneservice.es\/ca\/carteleria\/\"> <strong>cartells corporatius<\/strong><\/a> no s\u00f3n un simple accessori: s\u00f3n una eina de marca. Comuniquen, inspiren i posicionen. I quan estan ben dissenyats i executats per professionals, com els d&#039;All In One Service, es converteixen en una part essencial de l&#039;experi\u00e8ncia que una empresa ofereix a la seva audi\u00e8ncia.<\/p>\n\n\n\n<figure class=\"wp-block-image aligncenter size-large\"><img decoding=\"async\" width=\"1024\" height=\"724\" src=\"https:\/\/allinoneservice.es\/wp-content\/uploads\/2025\/06\/carteles-corporativos-para-eventos-1024x724.jpg\" alt=\"\" class=\"wp-image-758\" srcset=\"https:\/\/allinoneservice.es\/wp-content\/uploads\/2025\/06\/carteles-corporativos-para-eventos-1024x724.jpg 1024w, https:\/\/allinoneservice.es\/wp-content\/uploads\/2025\/06\/carteles-corporativos-para-eventos-300x212.jpg 300w, https:\/\/allinoneservice.es\/wp-content\/uploads\/2025\/06\/carteles-corporativos-para-eventos-768x543.jpg 768w, https:\/\/allinoneservice.es\/wp-content\/uploads\/2025\/06\/carteles-corporativos-para-eventos-1536x1086.jpg 1536w, https:\/\/allinoneservice.es\/wp-content\/uploads\/2025\/06\/carteles-corporativos-para-eventos-18x12.jpg 18w, https:\/\/allinoneservice.es\/wp-content\/uploads\/2025\/06\/carteles-corporativos-para-eventos.jpg 2000w\" sizes=\"(max-width: 1024px) 100vw, 1024px\" \/><\/figure>","protected":false},"excerpt":{"rendered":"<p>Cartells Corporatius: Refor\u00e7a la teva Imatge des del Primer Impacte Al m\u00f3n empresarial, cada detall comunica. Des de la papereria fins al disseny de lespai f\u00edsic, tot forma part del missatge que una marca transmet al seu entorn. En aquest context, els cartells corporatius han esdevingut una eina fonamental dins de l&#039;estrat\u00e8gia de [\u2026]<\/p>","protected":false},"author":1,"featured_media":761,"comment_status":"closed","ping_status":"closed","sticky":false,"template":"","format":"standard","meta":{"footnotes":""},"categories":[27],"tags":[],"class_list":["post-757","post","type-post","status-publish","format-standard","has-post-thumbnail","hentry","category-carteles-para-eventos"],"yoast_head":"<!-- This site is optimized with the Yoast SEO plugin v24.6 - https:\/\/yoast.com\/wordpress\/plugins\/seo\/ -->\n<title>Carteles Corporativos: Elementos Clave en la Comunicaci\u00f3n Visual de tu Empresa - All In One Service<\/title>\n<meta name=\"robots\" content=\"index, follow, max-snippet:-1, max-image-preview:large, max-video-preview:-1\" \/>\n<link rel=\"canonical\" href=\"https:\/\/allinoneservice.es\/ca\/carteles-corporativos-elementos-clave-en-la-comunicacion-visual-de-tu-empresa\/\" \/>\n<meta property=\"og:locale\" content=\"ca_ES\" \/>\n<meta property=\"og:type\" content=\"article\" \/>\n<meta property=\"og:title\" content=\"Carteles Corporativos: Elementos Clave en la Comunicaci\u00f3n Visual de tu Empresa - All In One Service\" \/>\n<meta property=\"og:description\" content=\"Carteles Corporativos: Refuerza tu Imagen desde el Primer Impacto En el mundo empresarial, cada detalle comunica. Desde la papeler\u00eda hasta el dise\u00f1o del espacio f\u00edsico, todo forma parte del mensaje que una marca transmite a su entorno. En este contexto, los carteles corporativos se han convertido en una herramienta fundamental dentro de la estrategia de [&hellip;]\" \/>\n<meta property=\"og:url\" content=\"https:\/\/allinoneservice.es\/ca\/carteles-corporativos-elementos-clave-en-la-comunicacion-visual-de-tu-empresa\/\" \/>\n<meta property=\"og:site_name\" content=\"All In One Service\" \/>\n<meta property=\"article:published_time\" content=\"2025-06-05T11:25:59+00:00\" \/>\n<meta property=\"article:modified_time\" content=\"2025-06-09T11:33:25+00:00\" \/>\n<meta property=\"og:image\" content=\"https:\/\/allinoneservice.es\/wp-content\/uploads\/2025\/06\/impresion-carteles-corporativos.jpg\" \/>\n\t<meta property=\"og:image:width\" content=\"2000\" \/>\n\t<meta property=\"og:image:height\" content=\"1414\" \/>\n\t<meta property=\"og:image:type\" content=\"image\/jpeg\" \/>\n<meta name=\"author\" content=\"admin\" \/>\n<meta name=\"twitter:card\" content=\"summary_large_image\" \/>\n<meta name=\"twitter:label1\" content=\"Escrit per\" \/>\n\t<meta name=\"twitter:data1\" content=\"admin\" \/>\n\t<meta name=\"twitter:label2\" content=\"Temps estimat de lectura\" \/>\n\t<meta name=\"twitter:data2\" content=\"4 minuts\" \/>\n<script type=\"application\/ld+json\" class=\"yoast-schema-graph\">{\"@context\":\"https:\/\/schema.org\",\"@graph\":[{\"@type\":\"Article\",\"@id\":\"https:\/\/allinoneservice.es\/carteles-corporativos-elementos-clave-en-la-comunicacion-visual-de-tu-empresa\/#article\",\"isPartOf\":{\"@id\":\"https:\/\/allinoneservice.es\/carteles-corporativos-elementos-clave-en-la-comunicacion-visual-de-tu-empresa\/\"},\"author\":{\"name\":\"admin\",\"@id\":\"https:\/\/allinoneservice.es\/#\/schema\/person\/1c57c2f7f083ed60ea6c311de08e4192\"},\"headline\":\"Carteles Corporativos: Elementos Clave en la Comunicaci\u00f3n Visual de tu Empresa\",\"datePublished\":\"2025-06-05T11:25:59+00:00\",\"dateModified\":\"2025-06-09T11:33:25+00:00\",\"mainEntityOfPage\":{\"@id\":\"https:\/\/allinoneservice.es\/carteles-corporativos-elementos-clave-en-la-comunicacion-visual-de-tu-empresa\/\"},\"wordCount\":645,\"publisher\":{\"@id\":\"https:\/\/allinoneservice.es\/#organization\"},\"image\":{\"@id\":\"https:\/\/allinoneservice.es\/carteles-corporativos-elementos-clave-en-la-comunicacion-visual-de-tu-empresa\/#primaryimage\"},\"thumbnailUrl\":\"https:\/\/allinoneservice.es\/wp-content\/uploads\/2025\/06\/impresion-carteles-corporativos.jpg\",\"articleSection\":[\"Carteles para Eventos\"],\"inLanguage\":\"ca\"},{\"@type\":\"WebPage\",\"@id\":\"https:\/\/allinoneservice.es\/carteles-corporativos-elementos-clave-en-la-comunicacion-visual-de-tu-empresa\/\",\"url\":\"https:\/\/allinoneservice.es\/carteles-corporativos-elementos-clave-en-la-comunicacion-visual-de-tu-empresa\/\",\"name\":\"Carteles Corporativos: Elementos Clave en la Comunicaci\u00f3n Visual de tu Empresa - All In One Service\",\"isPartOf\":{\"@id\":\"https:\/\/allinoneservice.es\/#website\"},\"primaryImageOfPage\":{\"@id\":\"https:\/\/allinoneservice.es\/carteles-corporativos-elementos-clave-en-la-comunicacion-visual-de-tu-empresa\/#primaryimage\"},\"image\":{\"@id\":\"https:\/\/allinoneservice.es\/carteles-corporativos-elementos-clave-en-la-comunicacion-visual-de-tu-empresa\/#primaryimage\"},\"thumbnailUrl\":\"https:\/\/allinoneservice.es\/wp-content\/uploads\/2025\/06\/impresion-carteles-corporativos.jpg\",\"datePublished\":\"2025-06-05T11:25:59+00:00\",\"dateModified\":\"2025-06-09T11:33:25+00:00\",\"breadcrumb\":{\"@id\":\"https:\/\/allinoneservice.es\/carteles-corporativos-elementos-clave-en-la-comunicacion-visual-de-tu-empresa\/#breadcrumb\"},\"inLanguage\":\"ca\",\"potentialAction\":[{\"@type\":\"ReadAction\",\"target\":[\"https:\/\/allinoneservice.es\/carteles-corporativos-elementos-clave-en-la-comunicacion-visual-de-tu-empresa\/\"]}]},{\"@type\":\"ImageObject\",\"inLanguage\":\"ca\",\"@id\":\"https:\/\/allinoneservice.es\/carteles-corporativos-elementos-clave-en-la-comunicacion-visual-de-tu-empresa\/#primaryimage\",\"url\":\"https:\/\/allinoneservice.es\/wp-content\/uploads\/2025\/06\/impresion-carteles-corporativos.jpg\",\"contentUrl\":\"https:\/\/allinoneservice.es\/wp-content\/uploads\/2025\/06\/impresion-carteles-corporativos.jpg\",\"width\":2000,\"height\":1414},{\"@type\":\"BreadcrumbList\",\"@id\":\"https:\/\/allinoneservice.es\/carteles-corporativos-elementos-clave-en-la-comunicacion-visual-de-tu-empresa\/#breadcrumb\",\"itemListElement\":[{\"@type\":\"ListItem\",\"position\":1,\"name\":\"Portada\",\"item\":\"https:\/\/allinoneservice.es\/\"},{\"@type\":\"ListItem\",\"position\":2,\"name\":\"Carteles Corporativos: Elementos Clave en la Comunicaci\u00f3n Visual de tu Empresa\"}]},{\"@type\":\"WebSite\",\"@id\":\"https:\/\/allinoneservice.es\/#website\",\"url\":\"https:\/\/allinoneservice.es\/\",\"name\":\"Only one service\",\"description\":\"\",\"publisher\":{\"@id\":\"https:\/\/allinoneservice.es\/#organization\"},\"potentialAction\":[{\"@type\":\"SearchAction\",\"target\":{\"@type\":\"EntryPoint\",\"urlTemplate\":\"https:\/\/allinoneservice.es\/?s={search_term_string}\"},\"query-input\":{\"@type\":\"PropertyValueSpecification\",\"valueRequired\":true,\"valueName\":\"search_term_string\"}}],\"inLanguage\":\"ca\"},{\"@type\":\"Organization\",\"@id\":\"https:\/\/allinoneservice.es\/#organization\",\"name\":\"Only one service\",\"url\":\"https:\/\/allinoneservice.es\/\",\"logo\":{\"@type\":\"ImageObject\",\"inLanguage\":\"ca\",\"@id\":\"https:\/\/allinoneservice.es\/#\/schema\/logo\/image\/\",\"url\":\"https:\/\/allinoneservice.es\/wp-content\/uploads\/2024\/11\/2-e1732548222692.png\",\"contentUrl\":\"https:\/\/allinoneservice.es\/wp-content\/uploads\/2024\/11\/2-e1732548222692.png\",\"width\":1100,\"height\":278,\"caption\":\"Only one service\"},\"image\":{\"@id\":\"https:\/\/allinoneservice.es\/#\/schema\/logo\/image\/\"}},{\"@type\":\"Person\",\"@id\":\"https:\/\/allinoneservice.es\/#\/schema\/person\/1c57c2f7f083ed60ea6c311de08e4192\",\"name\":\"admin\",\"sameAs\":[\"https:\/\/allinoneservice.es\"],\"url\":\"https:\/\/allinoneservice.es\/ca\/author\/soporte_cc5qdutc\/\"}]}<\/script>\n<!-- \/ Yoast SEO plugin. -->","yoast_head_json":{"title":"Carteles Corporativos: Elementos Clave en la Comunicaci\u00f3n Visual de tu Empresa - All In One Service","robots":{"index":"index","follow":"follow","max-snippet":"max-snippet:-1","max-image-preview":"max-image-preview:large","max-video-preview":"max-video-preview:-1"},"canonical":"https:\/\/allinoneservice.es\/ca\/carteles-corporativos-elementos-clave-en-la-comunicacion-visual-de-tu-empresa\/","og_locale":"ca_ES","og_type":"article","og_title":"Carteles Corporativos: Elementos Clave en la Comunicaci\u00f3n Visual de tu Empresa - All In One Service","og_description":"Carteles Corporativos: Refuerza tu Imagen desde el Primer Impacto En el mundo empresarial, cada detalle comunica. Desde la papeler\u00eda hasta el dise\u00f1o del espacio f\u00edsico, todo forma parte del mensaje que una marca transmite a su entorno. En este contexto, los carteles corporativos se han convertido en una herramienta fundamental dentro de la estrategia de [&hellip;]","og_url":"https:\/\/allinoneservice.es\/ca\/carteles-corporativos-elementos-clave-en-la-comunicacion-visual-de-tu-empresa\/","og_site_name":"All In One Service","article_published_time":"2025-06-05T11:25:59+00:00","article_modified_time":"2025-06-09T11:33:25+00:00","og_image":[{"width":2000,"height":1414,"url":"https:\/\/allinoneservice.es\/wp-content\/uploads\/2025\/06\/impresion-carteles-corporativos.jpg","type":"image\/jpeg"}],"author":"admin","twitter_card":"summary_large_image","twitter_misc":{"Escrit per":"admin","Temps estimat de lectura":"4 minuts"},"schema":{"@context":"https:\/\/schema.org","@graph":[{"@type":"Article","@id":"https:\/\/allinoneservice.es\/carteles-corporativos-elementos-clave-en-la-comunicacion-visual-de-tu-empresa\/#article","isPartOf":{"@id":"https:\/\/allinoneservice.es\/carteles-corporativos-elementos-clave-en-la-comunicacion-visual-de-tu-empresa\/"},"author":{"name":"admin","@id":"https:\/\/allinoneservice.es\/#\/schema\/person\/1c57c2f7f083ed60ea6c311de08e4192"},"headline":"Carteles Corporativos: Elementos Clave en la Comunicaci\u00f3n Visual de tu Empresa","datePublished":"2025-06-05T11:25:59+00:00","dateModified":"2025-06-09T11:33:25+00:00","mainEntityOfPage":{"@id":"https:\/\/allinoneservice.es\/carteles-corporativos-elementos-clave-en-la-comunicacion-visual-de-tu-empresa\/"},"wordCount":645,"publisher":{"@id":"https:\/\/allinoneservice.es\/#organization"},"image":{"@id":"https:\/\/allinoneservice.es\/carteles-corporativos-elementos-clave-en-la-comunicacion-visual-de-tu-empresa\/#primaryimage"},"thumbnailUrl":"https:\/\/allinoneservice.es\/wp-content\/uploads\/2025\/06\/impresion-carteles-corporativos.jpg","articleSection":["Carteles para Eventos"],"inLanguage":"ca"},{"@type":"WebPage","@id":"https:\/\/allinoneservice.es\/carteles-corporativos-elementos-clave-en-la-comunicacion-visual-de-tu-empresa\/","url":"https:\/\/allinoneservice.es\/carteles-corporativos-elementos-clave-en-la-comunicacion-visual-de-tu-empresa\/","name":"Carteles Corporativos: Elementos Clave en la Comunicaci\u00f3n Visual de tu Empresa - All In One Service","isPartOf":{"@id":"https:\/\/allinoneservice.es\/#website"},"primaryImageOfPage":{"@id":"https:\/\/allinoneservice.es\/carteles-corporativos-elementos-clave-en-la-comunicacion-visual-de-tu-empresa\/#primaryimage"},"image":{"@id":"https:\/\/allinoneservice.es\/carteles-corporativos-elementos-clave-en-la-comunicacion-visual-de-tu-empresa\/#primaryimage"},"thumbnailUrl":"https:\/\/allinoneservice.es\/wp-content\/uploads\/2025\/06\/impresion-carteles-corporativos.jpg","datePublished":"2025-06-05T11:25:59+00:00","dateModified":"2025-06-09T11:33:25+00:00","breadcrumb":{"@id":"https:\/\/allinoneservice.es\/carteles-corporativos-elementos-clave-en-la-comunicacion-visual-de-tu-empresa\/#breadcrumb"},"inLanguage":"ca","potentialAction":[{"@type":"ReadAction","target":["https:\/\/allinoneservice.es\/carteles-corporativos-elementos-clave-en-la-comunicacion-visual-de-tu-empresa\/"]}]},{"@type":"ImageObject","inLanguage":"ca","@id":"https:\/\/allinoneservice.es\/carteles-corporativos-elementos-clave-en-la-comunicacion-visual-de-tu-empresa\/#primaryimage","url":"https:\/\/allinoneservice.es\/wp-content\/uploads\/2025\/06\/impresion-carteles-corporativos.jpg","contentUrl":"https:\/\/allinoneservice.es\/wp-content\/uploads\/2025\/06\/impresion-carteles-corporativos.jpg","width":2000,"height":1414},{"@type":"BreadcrumbList","@id":"https:\/\/allinoneservice.es\/carteles-corporativos-elementos-clave-en-la-comunicacion-visual-de-tu-empresa\/#breadcrumb","itemListElement":[{"@type":"ListItem","position":1,"name":"Portada","item":"https:\/\/allinoneservice.es\/"},{"@type":"ListItem","position":2,"name":"Carteles Corporativos: Elementos Clave en la Comunicaci\u00f3n Visual de tu Empresa"}]},{"@type":"WebSite","@id":"https:\/\/allinoneservice.es\/#website","url":"https:\/\/allinoneservice.es\/","name":"Only one service","description":"","publisher":{"@id":"https:\/\/allinoneservice.es\/#organization"},"potentialAction":[{"@type":"SearchAction","target":{"@type":"EntryPoint","urlTemplate":"https:\/\/allinoneservice.es\/?s={search_term_string}"},"query-input":{"@type":"PropertyValueSpecification","valueRequired":true,"valueName":"search_term_string"}}],"inLanguage":"ca"},{"@type":"Organization","@id":"https:\/\/allinoneservice.es\/#organization","name":"Only one service","url":"https:\/\/allinoneservice.es\/","logo":{"@type":"ImageObject","inLanguage":"ca","@id":"https:\/\/allinoneservice.es\/#\/schema\/logo\/image\/","url":"https:\/\/allinoneservice.es\/wp-content\/uploads\/2024\/11\/2-e1732548222692.png","contentUrl":"https:\/\/allinoneservice.es\/wp-content\/uploads\/2024\/11\/2-e1732548222692.png","width":1100,"height":278,"caption":"Only one service"},"image":{"@id":"https:\/\/allinoneservice.es\/#\/schema\/logo\/image\/"}},{"@type":"Person","@id":"https:\/\/allinoneservice.es\/#\/schema\/person\/1c57c2f7f083ed60ea6c311de08e4192","name":"admin","sameAs":["https:\/\/allinoneservice.es"],"url":"https:\/\/allinoneservice.es\/ca\/author\/soporte_cc5qdutc\/"}]}},"_links":{"self":[{"href":"https:\/\/allinoneservice.es\/ca\/wp-json\/wp\/v2\/posts\/757","targetHints":{"allow":["GET"]}}],"collection":[{"href":"https:\/\/allinoneservice.es\/ca\/wp-json\/wp\/v2\/posts"}],"about":[{"href":"https:\/\/allinoneservice.es\/ca\/wp-json\/wp\/v2\/types\/post"}],"author":[{"embeddable":true,"href":"https:\/\/allinoneservice.es\/ca\/wp-json\/wp\/v2\/users\/1"}],"replies":[{"embeddable":true,"href":"https:\/\/allinoneservice.es\/ca\/wp-json\/wp\/v2\/comments?post=757"}],"version-history":[{"count":1,"href":"https:\/\/allinoneservice.es\/ca\/wp-json\/wp\/v2\/posts\/757\/revisions"}],"predecessor-version":[{"id":762,"href":"https:\/\/allinoneservice.es\/ca\/wp-json\/wp\/v2\/posts\/757\/revisions\/762"}],"wp:featuredmedia":[{"embeddable":true,"href":"https:\/\/allinoneservice.es\/ca\/wp-json\/wp\/v2\/media\/761"}],"wp:attachment":[{"href":"https:\/\/allinoneservice.es\/ca\/wp-json\/wp\/v2\/media?parent=757"}],"wp:term":[{"taxonomy":"category","embeddable":true,"href":"https:\/\/allinoneservice.es\/ca\/wp-json\/wp\/v2\/categories?post=757"},{"taxonomy":"post_tag","embeddable":true,"href":"https:\/\/allinoneservice.es\/ca\/wp-json\/wp\/v2\/tags?post=757"}],"curies":[{"name":"wp","href":"https:\/\/api.w.org\/{rel}","templated":true}]}}