{"id":777,"date":"2025-07-08T05:32:26","date_gmt":"2025-07-08T03:32:26","guid":{"rendered":"https:\/\/allinoneservice.es\/?p=777"},"modified":"2025-07-09T05:37:40","modified_gmt":"2025-07-09T03:37:40","slug":"cartel-comercial-la-imagen-que-habla-por-tu-negocio","status":"publish","type":"post","link":"https:\/\/allinoneservice.es\/ca\/cartel-comercial-la-imagen-que-habla-por-tu-negocio\/","title":{"rendered":"Cartell Comercial: La Imatge que Parla pel teu Negoci"},"content":{"rendered":"<h1 class=\"wp-block-heading\">Cartell Comercial: Visibilitat, Pres\u00e8ncia i Atracci\u00f3<\/h1>\n\n\n\n<p>Al competitiu m\u00f3n del comer\u00e7, captar l&#039;atenci\u00f3 del client \u00e9s un repte constant. Un bon <strong>cartell comercial<\/strong> pot marcar la difer\u00e8ncia entre un negoci que passa desapercebut i un que atrau, comunica i ven. En aquest article, aprofundim en el valor estrat\u00e8gic del <strong><a href=\"https:\/\/allinoneservice.es\/ca\/carteleria\/\">cartell comercial<\/a><\/strong>, les seves caracter\u00edstiques essencials i com All In One Service et pot ajudar a dissenyar i produir una soluci\u00f3 visual impactant i duradora.<\/p>\n\n\n\n<p>El <strong>cartell comercial<\/strong> \u00e9s molt m\u00e9s que un r\u00e8tol amb el nom del negoci. \u00c9s una eina de m\u00e0rqueting visual que actua com a carta de presentaci\u00f3. Ja estigui ubicat a la fa\u00e7ana d&#039;un comer\u00e7, en un aparador, en un punt de venda o en un estand promocional, la seva missi\u00f3 \u00e9s atraure la mirada, generar reconeixement de marca i transmetre una imatge professional.<\/p>\n\n\n\n<p>A All In One Service, cada <strong>cartell comercial<\/strong> es dissenya amb una clara intenci\u00f3: comunicar. Des de l&#039;elecci\u00f3 dels materials fins a la tipografia, els colors i els acabats, tot es cuida al detall per garantir que el cartell reflecteixi la personalitat del negoci i es diferenci\u00ef de la compet\u00e8ncia.<\/p>\n\n\n\n<p>Gr\u00e0cies a tecnologies com la impressi\u00f3 digital d&#039;alta resoluci\u00f3, el tall per l\u00e0ser o el fresat CNC, \u00e9s possible crear cartells en una \u00e0mplia varietat de formats, amb efectes tridimensionals, il\u00b7luminaci\u00f3 integrada o acabats met\u00e0l\u00b7lics. Tot per assegurar que el teu <strong>cartell comercial<\/strong> destaqui tant de dia com de nit.<\/p>\n\n\n\n<figure class=\"wp-block-image aligncenter size-large\"><img fetchpriority=\"high\" decoding=\"async\" width=\"1024\" height=\"724\" src=\"https:\/\/allinoneservice.es\/wp-content\/uploads\/2025\/07\/Cartel-para-Eventos-1-1024x724.jpg\" alt=\"\" class=\"wp-image-780\" srcset=\"https:\/\/allinoneservice.es\/wp-content\/uploads\/2025\/07\/Cartel-para-Eventos-1-1024x724.jpg 1024w, https:\/\/allinoneservice.es\/wp-content\/uploads\/2025\/07\/Cartel-para-Eventos-1-300x212.jpg 300w, https:\/\/allinoneservice.es\/wp-content\/uploads\/2025\/07\/Cartel-para-Eventos-1-768x543.jpg 768w, https:\/\/allinoneservice.es\/wp-content\/uploads\/2025\/07\/Cartel-para-Eventos-1-1536x1086.jpg 1536w, https:\/\/allinoneservice.es\/wp-content\/uploads\/2025\/07\/Cartel-para-Eventos-1-18x12.jpg 18w, https:\/\/allinoneservice.es\/wp-content\/uploads\/2025\/07\/Cartel-para-Eventos-1.jpg 2000w\" sizes=\"(max-width: 1024px) 100vw, 1024px\" \/><\/figure>\n\n\n\n<h2 class=\"wp-block-heading\">Cartell Comercial: Disseny Funcional i Adaptat a la teva Marca<\/h2>\n\n\n\n<p>El disseny d&#039;un <strong>cartell comercial<\/strong> ha dequilibrar creativitat amb funcionalitat. No n&#039;hi ha prou que sigui visualment atractiu: ha de transmetre el missatge correcte de manera clara i directa. Per aix\u00f2, All In One Service ofereix un enfocament estrat\u00e8gic on s&#039;analitza el p\u00fablic objectiu, la ubicaci\u00f3 del cartell i els objectius de comunicaci\u00f3 de cada client.<\/p>\n\n\n\n<p>Els dissenyadors d&#039;All In One treballen en coordinaci\u00f3 amb l&#039;equip de producci\u00f3 per tal de garantir que el resultat final sigui coherent amb la imatge corporativa del negoci. Ja es tracta d&#039;un petit comer\u00e7 de barri o una gran cadena amb m\u00faltiples punts de venda, cada <strong>cartell comercial<\/strong> s&#039;adapta a la identitat de la marca.<\/p>\n\n\n\n<p>A m\u00e9s, \u00e9s possible crear cartells modulars, removibles o adaptables a campanyes promocionals espec\u00edfiques, cosa que permet reutilitzar estructures i optimitzar la inversi\u00f3 a llarg termini. L&#039;equip t\u00e8cnic tamb\u00e9 s&#039;encarrega de la instal\u00b7laci\u00f3, assegurant que el cartell quedi perfectament fixat i sigui resistent a les condicions clim\u00e0tiques si \u00e9s exterior.<\/p>\n\n\n\n<figure class=\"wp-block-image aligncenter size-large\"><img decoding=\"async\" width=\"1024\" height=\"724\" src=\"https:\/\/allinoneservice.es\/wp-content\/uploads\/2025\/07\/cartel-comercial-1024x724.jpg\" alt=\"\" class=\"wp-image-778\" srcset=\"https:\/\/allinoneservice.es\/wp-content\/uploads\/2025\/07\/cartel-comercial-1024x724.jpg 1024w, https:\/\/allinoneservice.es\/wp-content\/uploads\/2025\/07\/cartel-comercial-300x212.jpg 300w, https:\/\/allinoneservice.es\/wp-content\/uploads\/2025\/07\/cartel-comercial-768x543.jpg 768w, https:\/\/allinoneservice.es\/wp-content\/uploads\/2025\/07\/cartel-comercial-1536x1086.jpg 1536w, https:\/\/allinoneservice.es\/wp-content\/uploads\/2025\/07\/cartel-comercial-18x12.jpg 18w, https:\/\/allinoneservice.es\/wp-content\/uploads\/2025\/07\/cartel-comercial.jpg 2000w\" sizes=\"(max-width: 1024px) 100vw, 1024px\" \/><\/figure>\n\n\n\n<h2 class=\"wp-block-heading\">Cartell Comercial: Una Inversi\u00f3 que Genera Resultats<\/h2>\n\n\n\n<p>Un <strong>cartell comercial<\/strong> ben executada no \u00e9s una despesa, sin\u00f3 una inversi\u00f3. \u00c9s una eina que treballa 24\/7 per al teu negoci, generant visibilitat, atraient clients i refor\u00e7ant la pres\u00e8ncia de marca. En mercats on la compet\u00e8ncia \u00e9s ferotge, la imatge ho \u00e9s tot, i un cartell de qualitat es pot convertir en un poder\u00f3s aliat comercial.<\/p>\n\n\n\n<p>All In One Service posa a disposici\u00f3 dels clients m\u00e9s de 20 anys d&#039;experi\u00e8ncia en comunicaci\u00f3 visual, amb un enfocament integral que abasta des del disseny fins al muntatge. El seu equip professional, la qualitat dels materials i la tecnologia aplicada asseguren que cada <strong>cartell comercial<\/strong> compleixi amb els est\u00e0ndards m\u00e9s alts.<\/p>\n\n\n\n<p>En conclusi\u00f3, si vols destacar al teu sector, millorar la visibilitat del teu punt de venda i projectar una imatge coherent i professional, invertir en un <a href=\"https:\/\/allinoneservice.es\/ca\/carteleria\/\"><strong>cartell comercial<\/strong> <\/a>de qualitat \u00e9s el primer pas. I fer-ho de la m\u00e0 d&#039;All In One Service \u00e9s la garantia d&#039;obtenir un resultat impactant, funcional i alineat amb els objectius comercials.<\/p>\n\n\n\n<figure class=\"wp-block-image aligncenter size-large\"><img decoding=\"async\" width=\"1024\" height=\"724\" src=\"https:\/\/allinoneservice.es\/wp-content\/uploads\/2025\/07\/Carteles-para-Eventos-1-1024x724.jpg\" alt=\"\" class=\"wp-image-781\" srcset=\"https:\/\/allinoneservice.es\/wp-content\/uploads\/2025\/07\/Carteles-para-Eventos-1-1024x724.jpg 1024w, https:\/\/allinoneservice.es\/wp-content\/uploads\/2025\/07\/Carteles-para-Eventos-1-300x212.jpg 300w, https:\/\/allinoneservice.es\/wp-content\/uploads\/2025\/07\/Carteles-para-Eventos-1-768x543.jpg 768w, https:\/\/allinoneservice.es\/wp-content\/uploads\/2025\/07\/Carteles-para-Eventos-1-1536x1086.jpg 1536w, https:\/\/allinoneservice.es\/wp-content\/uploads\/2025\/07\/Carteles-para-Eventos-1-18x12.jpg 18w, https:\/\/allinoneservice.es\/wp-content\/uploads\/2025\/07\/Carteles-para-Eventos-1.jpg 2000w\" sizes=\"(max-width: 1024px) 100vw, 1024px\" \/><\/figure>","protected":false},"excerpt":{"rendered":"<p>Cartell Comercial: Visibilitat, Pres\u00e8ncia i Atracci\u00f3 En el competitiu m\u00f3n del comer\u00e7, captar l&#039;atenci\u00f3 del client \u00e9s un repte constant. Un bon cartell comercial pot marcar la difer\u00e8ncia entre un negoci que passa desapercebut i un que atrau, comunica i ven.<\/p>","protected":false},"author":1,"featured_media":779,"comment_status":"closed","ping_status":"closed","sticky":false,"template":"","format":"standard","meta":{"footnotes":""},"categories":[29],"tags":[30],"class_list":["post-777","post","type-post","status-publish","format-standard","has-post-thumbnail","hentry","category-carteles","tag-cartel-comercial"],"yoast_head":"<!-- This site is optimized with the Yoast SEO plugin v24.6 - https:\/\/yoast.com\/wordpress\/plugins\/seo\/ -->\n<title>Cartel Comercial: La Imagen que Habla por tu Negocio - All In One Service<\/title>\n<meta name=\"robots\" content=\"index, follow, max-snippet:-1, max-image-preview:large, max-video-preview:-1\" \/>\n<link rel=\"canonical\" href=\"https:\/\/allinoneservice.es\/ca\/cartel-comercial-la-imagen-que-habla-por-tu-negocio\/\" \/>\n<meta property=\"og:locale\" content=\"ca_ES\" \/>\n<meta property=\"og:type\" content=\"article\" \/>\n<meta property=\"og:title\" content=\"Cartel Comercial: La Imagen que Habla por tu Negocio - All In One Service\" \/>\n<meta property=\"og:description\" content=\"Cartel Comercial: Visibilidad, Presencia y Atracci\u00f3n En el competitivo mundo del comercio, captar la atenci\u00f3n del cliente es un reto constante. Un buen cartel comercial puede marcar la diferencia entre un negocio que pasa desapercibido y uno que atrae, comunica y vende. En este art\u00edculo, profundizamos en el valor estrat\u00e9gico del cartel comercial, sus caracter\u00edsticas [&hellip;]\" \/>\n<meta property=\"og:url\" content=\"https:\/\/allinoneservice.es\/ca\/cartel-comercial-la-imagen-que-habla-por-tu-negocio\/\" \/>\n<meta property=\"og:site_name\" content=\"All In One Service\" \/>\n<meta property=\"article:published_time\" content=\"2025-07-08T03:32:26+00:00\" \/>\n<meta property=\"article:modified_time\" content=\"2025-07-09T03:37:40+00:00\" \/>\n<meta property=\"og:image\" content=\"https:\/\/allinoneservice.es\/wp-content\/uploads\/2025\/07\/carteles-comerciales.jpg\" \/>\n\t<meta property=\"og:image:width\" content=\"2000\" \/>\n\t<meta property=\"og:image:height\" content=\"1414\" \/>\n\t<meta property=\"og:image:type\" content=\"image\/jpeg\" \/>\n<meta name=\"author\" content=\"admin\" \/>\n<meta name=\"twitter:card\" content=\"summary_large_image\" \/>\n<meta name=\"twitter:label1\" content=\"Escrit per\" \/>\n\t<meta name=\"twitter:data1\" content=\"admin\" \/>\n\t<meta name=\"twitter:label2\" content=\"Temps estimat de lectura\" \/>\n\t<meta name=\"twitter:data2\" content=\"4 minuts\" \/>\n<script type=\"application\/ld+json\" class=\"yoast-schema-graph\">{\"@context\":\"https:\/\/schema.org\",\"@graph\":[{\"@type\":\"Article\",\"@id\":\"https:\/\/allinoneservice.es\/cartel-comercial-la-imagen-que-habla-por-tu-negocio\/#article\",\"isPartOf\":{\"@id\":\"https:\/\/allinoneservice.es\/cartel-comercial-la-imagen-que-habla-por-tu-negocio\/\"},\"author\":{\"name\":\"admin\",\"@id\":\"https:\/\/allinoneservice.es\/#\/schema\/person\/1c57c2f7f083ed60ea6c311de08e4192\"},\"headline\":\"Cartel Comercial: La Imagen que Habla por tu Negocio\",\"datePublished\":\"2025-07-08T03:32:26+00:00\",\"dateModified\":\"2025-07-09T03:37:40+00:00\",\"mainEntityOfPage\":{\"@id\":\"https:\/\/allinoneservice.es\/cartel-comercial-la-imagen-que-habla-por-tu-negocio\/\"},\"wordCount\":648,\"publisher\":{\"@id\":\"https:\/\/allinoneservice.es\/#organization\"},\"image\":{\"@id\":\"https:\/\/allinoneservice.es\/cartel-comercial-la-imagen-que-habla-por-tu-negocio\/#primaryimage\"},\"thumbnailUrl\":\"https:\/\/allinoneservice.es\/wp-content\/uploads\/2025\/07\/carteles-comerciales.jpg\",\"keywords\":[\"cartel comercial\"],\"articleSection\":[\"Carteles\"],\"inLanguage\":\"ca\"},{\"@type\":\"WebPage\",\"@id\":\"https:\/\/allinoneservice.es\/cartel-comercial-la-imagen-que-habla-por-tu-negocio\/\",\"url\":\"https:\/\/allinoneservice.es\/cartel-comercial-la-imagen-que-habla-por-tu-negocio\/\",\"name\":\"Cartel Comercial: La Imagen que Habla por tu Negocio - All In One Service\",\"isPartOf\":{\"@id\":\"https:\/\/allinoneservice.es\/#website\"},\"primaryImageOfPage\":{\"@id\":\"https:\/\/allinoneservice.es\/cartel-comercial-la-imagen-que-habla-por-tu-negocio\/#primaryimage\"},\"image\":{\"@id\":\"https:\/\/allinoneservice.es\/cartel-comercial-la-imagen-que-habla-por-tu-negocio\/#primaryimage\"},\"thumbnailUrl\":\"https:\/\/allinoneservice.es\/wp-content\/uploads\/2025\/07\/carteles-comerciales.jpg\",\"datePublished\":\"2025-07-08T03:32:26+00:00\",\"dateModified\":\"2025-07-09T03:37:40+00:00\",\"breadcrumb\":{\"@id\":\"https:\/\/allinoneservice.es\/cartel-comercial-la-imagen-que-habla-por-tu-negocio\/#breadcrumb\"},\"inLanguage\":\"ca\",\"potentialAction\":[{\"@type\":\"ReadAction\",\"target\":[\"https:\/\/allinoneservice.es\/cartel-comercial-la-imagen-que-habla-por-tu-negocio\/\"]}]},{\"@type\":\"ImageObject\",\"inLanguage\":\"ca\",\"@id\":\"https:\/\/allinoneservice.es\/cartel-comercial-la-imagen-que-habla-por-tu-negocio\/#primaryimage\",\"url\":\"https:\/\/allinoneservice.es\/wp-content\/uploads\/2025\/07\/carteles-comerciales.jpg\",\"contentUrl\":\"https:\/\/allinoneservice.es\/wp-content\/uploads\/2025\/07\/carteles-comerciales.jpg\",\"width\":2000,\"height\":1414},{\"@type\":\"BreadcrumbList\",\"@id\":\"https:\/\/allinoneservice.es\/cartel-comercial-la-imagen-que-habla-por-tu-negocio\/#breadcrumb\",\"itemListElement\":[{\"@type\":\"ListItem\",\"position\":1,\"name\":\"Portada\",\"item\":\"https:\/\/allinoneservice.es\/\"},{\"@type\":\"ListItem\",\"position\":2,\"name\":\"Cartel Comercial: La Imagen que Habla por tu Negocio\"}]},{\"@type\":\"WebSite\",\"@id\":\"https:\/\/allinoneservice.es\/#website\",\"url\":\"https:\/\/allinoneservice.es\/\",\"name\":\"Only one service\",\"description\":\"\",\"publisher\":{\"@id\":\"https:\/\/allinoneservice.es\/#organization\"},\"potentialAction\":[{\"@type\":\"SearchAction\",\"target\":{\"@type\":\"EntryPoint\",\"urlTemplate\":\"https:\/\/allinoneservice.es\/?s={search_term_string}\"},\"query-input\":{\"@type\":\"PropertyValueSpecification\",\"valueRequired\":true,\"valueName\":\"search_term_string\"}}],\"inLanguage\":\"ca\"},{\"@type\":\"Organization\",\"@id\":\"https:\/\/allinoneservice.es\/#organization\",\"name\":\"Only one service\",\"url\":\"https:\/\/allinoneservice.es\/\",\"logo\":{\"@type\":\"ImageObject\",\"inLanguage\":\"ca\",\"@id\":\"https:\/\/allinoneservice.es\/#\/schema\/logo\/image\/\",\"url\":\"https:\/\/allinoneservice.es\/wp-content\/uploads\/2024\/11\/2-e1732548222692.png\",\"contentUrl\":\"https:\/\/allinoneservice.es\/wp-content\/uploads\/2024\/11\/2-e1732548222692.png\",\"width\":1100,\"height\":278,\"caption\":\"Only one service\"},\"image\":{\"@id\":\"https:\/\/allinoneservice.es\/#\/schema\/logo\/image\/\"}},{\"@type\":\"Person\",\"@id\":\"https:\/\/allinoneservice.es\/#\/schema\/person\/1c57c2f7f083ed60ea6c311de08e4192\",\"name\":\"admin\",\"sameAs\":[\"https:\/\/allinoneservice.es\"],\"url\":\"https:\/\/allinoneservice.es\/ca\/author\/soporte_cc5qdutc\/\"}]}<\/script>\n<!-- \/ Yoast SEO plugin. -->","yoast_head_json":{"title":"Cartel Comercial: La Imagen que Habla por tu Negocio - All In One Service","robots":{"index":"index","follow":"follow","max-snippet":"max-snippet:-1","max-image-preview":"max-image-preview:large","max-video-preview":"max-video-preview:-1"},"canonical":"https:\/\/allinoneservice.es\/ca\/cartel-comercial-la-imagen-que-habla-por-tu-negocio\/","og_locale":"ca_ES","og_type":"article","og_title":"Cartel Comercial: La Imagen que Habla por tu Negocio - All In One Service","og_description":"Cartel Comercial: Visibilidad, Presencia y Atracci\u00f3n En el competitivo mundo del comercio, captar la atenci\u00f3n del cliente es un reto constante. Un buen cartel comercial puede marcar la diferencia entre un negocio que pasa desapercibido y uno que atrae, comunica y vende. En este art\u00edculo, profundizamos en el valor estrat\u00e9gico del cartel comercial, sus caracter\u00edsticas [&hellip;]","og_url":"https:\/\/allinoneservice.es\/ca\/cartel-comercial-la-imagen-que-habla-por-tu-negocio\/","og_site_name":"All In One Service","article_published_time":"2025-07-08T03:32:26+00:00","article_modified_time":"2025-07-09T03:37:40+00:00","og_image":[{"width":2000,"height":1414,"url":"https:\/\/allinoneservice.es\/wp-content\/uploads\/2025\/07\/carteles-comerciales.jpg","type":"image\/jpeg"}],"author":"admin","twitter_card":"summary_large_image","twitter_misc":{"Escrit per":"admin","Temps estimat de lectura":"4 minuts"},"schema":{"@context":"https:\/\/schema.org","@graph":[{"@type":"Article","@id":"https:\/\/allinoneservice.es\/cartel-comercial-la-imagen-que-habla-por-tu-negocio\/#article","isPartOf":{"@id":"https:\/\/allinoneservice.es\/cartel-comercial-la-imagen-que-habla-por-tu-negocio\/"},"author":{"name":"admin","@id":"https:\/\/allinoneservice.es\/#\/schema\/person\/1c57c2f7f083ed60ea6c311de08e4192"},"headline":"Cartel Comercial: La Imagen que Habla por tu Negocio","datePublished":"2025-07-08T03:32:26+00:00","dateModified":"2025-07-09T03:37:40+00:00","mainEntityOfPage":{"@id":"https:\/\/allinoneservice.es\/cartel-comercial-la-imagen-que-habla-por-tu-negocio\/"},"wordCount":648,"publisher":{"@id":"https:\/\/allinoneservice.es\/#organization"},"image":{"@id":"https:\/\/allinoneservice.es\/cartel-comercial-la-imagen-que-habla-por-tu-negocio\/#primaryimage"},"thumbnailUrl":"https:\/\/allinoneservice.es\/wp-content\/uploads\/2025\/07\/carteles-comerciales.jpg","keywords":["cartel comercial"],"articleSection":["Carteles"],"inLanguage":"ca"},{"@type":"WebPage","@id":"https:\/\/allinoneservice.es\/cartel-comercial-la-imagen-que-habla-por-tu-negocio\/","url":"https:\/\/allinoneservice.es\/cartel-comercial-la-imagen-que-habla-por-tu-negocio\/","name":"Cartel Comercial: La Imagen que Habla por tu Negocio - All In One Service","isPartOf":{"@id":"https:\/\/allinoneservice.es\/#website"},"primaryImageOfPage":{"@id":"https:\/\/allinoneservice.es\/cartel-comercial-la-imagen-que-habla-por-tu-negocio\/#primaryimage"},"image":{"@id":"https:\/\/allinoneservice.es\/cartel-comercial-la-imagen-que-habla-por-tu-negocio\/#primaryimage"},"thumbnailUrl":"https:\/\/allinoneservice.es\/wp-content\/uploads\/2025\/07\/carteles-comerciales.jpg","datePublished":"2025-07-08T03:32:26+00:00","dateModified":"2025-07-09T03:37:40+00:00","breadcrumb":{"@id":"https:\/\/allinoneservice.es\/cartel-comercial-la-imagen-que-habla-por-tu-negocio\/#breadcrumb"},"inLanguage":"ca","potentialAction":[{"@type":"ReadAction","target":["https:\/\/allinoneservice.es\/cartel-comercial-la-imagen-que-habla-por-tu-negocio\/"]}]},{"@type":"ImageObject","inLanguage":"ca","@id":"https:\/\/allinoneservice.es\/cartel-comercial-la-imagen-que-habla-por-tu-negocio\/#primaryimage","url":"https:\/\/allinoneservice.es\/wp-content\/uploads\/2025\/07\/carteles-comerciales.jpg","contentUrl":"https:\/\/allinoneservice.es\/wp-content\/uploads\/2025\/07\/carteles-comerciales.jpg","width":2000,"height":1414},{"@type":"BreadcrumbList","@id":"https:\/\/allinoneservice.es\/cartel-comercial-la-imagen-que-habla-por-tu-negocio\/#breadcrumb","itemListElement":[{"@type":"ListItem","position":1,"name":"Portada","item":"https:\/\/allinoneservice.es\/"},{"@type":"ListItem","position":2,"name":"Cartel Comercial: La Imagen que Habla por tu Negocio"}]},{"@type":"WebSite","@id":"https:\/\/allinoneservice.es\/#website","url":"https:\/\/allinoneservice.es\/","name":"Only one service","description":"","publisher":{"@id":"https:\/\/allinoneservice.es\/#organization"},"potentialAction":[{"@type":"SearchAction","target":{"@type":"EntryPoint","urlTemplate":"https:\/\/allinoneservice.es\/?s={search_term_string}"},"query-input":{"@type":"PropertyValueSpecification","valueRequired":true,"valueName":"search_term_string"}}],"inLanguage":"ca"},{"@type":"Organization","@id":"https:\/\/allinoneservice.es\/#organization","name":"Only one service","url":"https:\/\/allinoneservice.es\/","logo":{"@type":"ImageObject","inLanguage":"ca","@id":"https:\/\/allinoneservice.es\/#\/schema\/logo\/image\/","url":"https:\/\/allinoneservice.es\/wp-content\/uploads\/2024\/11\/2-e1732548222692.png","contentUrl":"https:\/\/allinoneservice.es\/wp-content\/uploads\/2024\/11\/2-e1732548222692.png","width":1100,"height":278,"caption":"Only one service"},"image":{"@id":"https:\/\/allinoneservice.es\/#\/schema\/logo\/image\/"}},{"@type":"Person","@id":"https:\/\/allinoneservice.es\/#\/schema\/person\/1c57c2f7f083ed60ea6c311de08e4192","name":"admin","sameAs":["https:\/\/allinoneservice.es"],"url":"https:\/\/allinoneservice.es\/ca\/author\/soporte_cc5qdutc\/"}]}},"_links":{"self":[{"href":"https:\/\/allinoneservice.es\/ca\/wp-json\/wp\/v2\/posts\/777","targetHints":{"allow":["GET"]}}],"collection":[{"href":"https:\/\/allinoneservice.es\/ca\/wp-json\/wp\/v2\/posts"}],"about":[{"href":"https:\/\/allinoneservice.es\/ca\/wp-json\/wp\/v2\/types\/post"}],"author":[{"embeddable":true,"href":"https:\/\/allinoneservice.es\/ca\/wp-json\/wp\/v2\/users\/1"}],"replies":[{"embeddable":true,"href":"https:\/\/allinoneservice.es\/ca\/wp-json\/wp\/v2\/comments?post=777"}],"version-history":[{"count":1,"href":"https:\/\/allinoneservice.es\/ca\/wp-json\/wp\/v2\/posts\/777\/revisions"}],"predecessor-version":[{"id":782,"href":"https:\/\/allinoneservice.es\/ca\/wp-json\/wp\/v2\/posts\/777\/revisions\/782"}],"wp:featuredmedia":[{"embeddable":true,"href":"https:\/\/allinoneservice.es\/ca\/wp-json\/wp\/v2\/media\/779"}],"wp:attachment":[{"href":"https:\/\/allinoneservice.es\/ca\/wp-json\/wp\/v2\/media?parent=777"}],"wp:term":[{"taxonomy":"category","embeddable":true,"href":"https:\/\/allinoneservice.es\/ca\/wp-json\/wp\/v2\/categories?post=777"},{"taxonomy":"post_tag","embeddable":true,"href":"https:\/\/allinoneservice.es\/ca\/wp-json\/wp\/v2\/tags?post=777"}],"curies":[{"name":"wp","href":"https:\/\/api.w.org\/{rel}","templated":true}]}}